{"id":50,"date":"2026-02-18T08:54:53","date_gmt":"2026-02-18T07:54:53","guid":{"rendered":"https:\/\/v2.lycee-alfredcostes.fr\/index.php\/2026\/02\/18\/le-forum-des-metiers-2026\/"},"modified":"2026-02-18T10:04:02","modified_gmt":"2026-02-18T09:04:02","slug":"le-forum-des-metiers-2026","status":"publish","type":"post","link":"https:\/\/v2.lycee-alfredcostes.fr\/index.php\/2026\/02\/18\/le-forum-des-metiers-2026\/","title":{"rendered":"Le Forum des M\u00e9tiers 2026"},"content":{"rendered":"<p>Pour sa deuxi\u00e8me \u00e9dition, Alfred Costes a re\u00e7u des professionnels, des institutions et des \u00e9coles en post-bac porteurs de projets d\u2019avenir pour accompagner nos \u00e9l\u00e8ves dans leurs choix d\u2019orientation.<\/p>\n<h2 class=\"text-3xl font-bold mt-12 mb-6 text-slate-900 dark:text-white\">Une mobilisation exceptionnelle<\/h2>\n<p class=\"leading-relaxed mb-6\">\n    L&rsquo;\u00e9v\u00e9nement a rassembl\u00e9 une diversit\u00e9 impressionnante de partenaires. Nous remercions chaleureusement <strong>Ambition Graphique<\/strong>, <strong>GMI<\/strong>, <strong>M\u00e9lange Impression<\/strong>, <strong>Konica Minolta<\/strong>, <strong>RATP<\/strong>, <strong>SNCF<\/strong> et <strong>Job Irl<\/strong> pour leur pr\u00e9sence et leur engagement aupr\u00e8s de nos jeunes.\n<\/p>\n<p class=\"leading-relaxed mb-6\">\n    La dimension acad\u00e9mique n&rsquo;\u00e9tait pas en reste, avec la participation active du <strong>lyc\u00e9e Eug\u00e9nie Cotton<\/strong>, du <strong>lyc\u00e9e Suger<\/strong>, du <strong>lyc\u00e9e Le Corbusier<\/strong> et du <strong>lyc\u00e9e Louise Michel<\/strong>. Ces \u00e9changes inter-\u00e9tablissements sont cruciaux pour construire un v\u00e9ritable parcours d&rsquo;orientation coh\u00e9rent et ambitieux.\n<\/p>\n<h2 class=\"text-3xl font-bold mt-12 mb-6 text-slate-900 dark:text-white\">Retour en images<\/h2>\n<p class=\"leading-relaxed mb-8\">\n    Revivez les moments forts de cette journ\u00e9e d&rsquo;\u00e9change et de partage. Nos \u00e9l\u00e8ves ont pu d\u00e9couvrir concr\u00e8tement les m\u00e9tiers de demain et affiner leur projet professionnel.\n<\/p>\n<div class=\"grid grid-cols-1 md:grid-cols-2 gap-6 my-10\">\n<div class=\"rounded-2xl overflow-hidden shadow-md hover:shadow-xl transition-shadow duration-300\">\n        <img decoding=\"async\" src=\"https:\/\/alfredcostesfr.wordpress.com\/wp-content\/uploads\/2026\/01\/tofs-fdm-az-1.jpg?w=1024\" alt=\"Forum des M\u00e9tiers\" class=\"w-full h-64 object-cover hover:scale-105 transition-transform duration-500\">\n    <\/div>\n<div class=\"rounded-2xl overflow-hidden shadow-md hover:shadow-xl transition-shadow duration-300\">\n        <img decoding=\"async\" src=\"https:\/\/alfredcostesfr.wordpress.com\/wp-content\/uploads\/2026\/01\/tofs-fdm-az-3.jpg?w=1024\" alt=\"Forum des M\u00e9tiers\" class=\"w-full h-64 object-cover hover:scale-105 transition-transform duration-500\">\n    <\/div>\n<div class=\"rounded-2xl overflow-hidden shadow-md hover:shadow-xl transition-shadow duration-300\">\n        <img decoding=\"async\" src=\"https:\/\/alfredcostesfr.wordpress.com\/wp-content\/uploads\/2026\/01\/tofs-fdm-az-7.jpg?w=1024\" alt=\"Forum des M\u00e9tiers\" class=\"w-full h-64 object-cover hover:scale-105 transition-transform duration-500\">\n    <\/div>\n<div class=\"rounded-2xl overflow-hidden shadow-md hover:shadow-xl transition-shadow duration-300\">\n        <img decoding=\"async\" src=\"https:\/\/alfredcostesfr.wordpress.com\/wp-content\/uploads\/2026\/01\/tofs-fdm-az-10.jpg?w=1024\" alt=\"Forum des M\u00e9tiers\" class=\"w-full h-64 object-cover hover:scale-105 transition-transform duration-500\">\n    <\/div>\n<\/div>\n<div class=\"bg-primary\/5 border-l-4 border-primary p-6 my-8 rounded-r-xl\">\n<p class=\"italic text-slate-700 dark:text-slate-300 font-medium\">\n        \u00ab\u00a0Ce forum est une pierre angulaire de notre projet d&rsquo;\u00e9tablissement. Il permet de concretiser les ambitions de nos \u00e9l\u00e8ves et de leur ouvrir les portes vers l&rsquo;enseignement sup\u00e9rieur et le monde professionnel.\u00a0\u00bb\n    <\/p>\n<\/div>\n<p>\n    Rendez-vous l&rsquo;ann\u00e9e prochaine pour une \u00e9dition encore plus ambitieuse !<\/p>\n","protected":false},"excerpt":{"rendered":"<p>Pour sa deuxi\u00e8me \u00e9dition, Alfred Costes a re\u00e7u des professionnels, des institutions et des \u00e9coles en post-bac porteurs de projets d\u2019avenir pour accompagner nos \u00e9l\u00e8ves dans leurs choix d\u2019orientation. Nous remercions, Ambition Graphique, GMI, M\u00e9lange Impression, Konica Minolta, RATP, SNCF, Job Irl. Mais aussi le lyc\u00e9e Eug\u00e9nie Cotton, le lyc\u00e9e Suger, le lyc\u00e9e Le Corbusier, le lyc\u00e9e Louise Michel.<\/p>\n","protected":false},"author":0,"featured_media":0,"comment_status":"open","ping_status":"open","sticky":false,"template":"","format":"standard","meta":{"footnotes":""},"categories":[10,12],"tags":[],"class_list":["post-50","post","type-post","status-publish","format-standard","hentry","category-entreprise","category-orientation"],"_links":{"self":[{"href":"https:\/\/v2.lycee-alfredcostes.fr\/index.php\/wp-json\/wp\/v2\/posts\/50","targetHints":{"allow":["GET"]}}],"collection":[{"href":"https:\/\/v2.lycee-alfredcostes.fr\/index.php\/wp-json\/wp\/v2\/posts"}],"about":[{"href":"https:\/\/v2.lycee-alfredcostes.fr\/index.php\/wp-json\/wp\/v2\/types\/post"}],"replies":[{"embeddable":true,"href":"https:\/\/v2.lycee-alfredcostes.fr\/index.php\/wp-json\/wp\/v2\/comments?post=50"}],"version-history":[{"count":1,"href":"https:\/\/v2.lycee-alfredcostes.fr\/index.php\/wp-json\/wp\/v2\/posts\/50\/revisions"}],"predecessor-version":[{"id":51,"href":"https:\/\/v2.lycee-alfredcostes.fr\/index.php\/wp-json\/wp\/v2\/posts\/50\/revisions\/51"}],"wp:attachment":[{"href":"https:\/\/v2.lycee-alfredcostes.fr\/index.php\/wp-json\/wp\/v2\/media?parent=50"}],"wp:term":[{"taxonomy":"category","embeddable":true,"href":"https:\/\/v2.lycee-alfredcostes.fr\/index.php\/wp-json\/wp\/v2\/categories?post=50"},{"taxonomy":"post_tag","embeddable":true,"href":"https:\/\/v2.lycee-alfredcostes.fr\/index.php\/wp-json\/wp\/v2\/tags?post=50"}],"curies":[{"name":"wp","href":"https:\/\/api.w.org\/{rel}","templated":true}]}}