{"id":49,"date":"2023-09-10T08:00:00","date_gmt":"2023-09-10T06:00:00","guid":{"rendered":"https:\/\/v2.lycee-alfredcostes.fr\/index.php\/2023\/09\/10\/semaine-de-lorientation-preparez-votre-avenir\/"},"modified":"2023-09-10T08:00:00","modified_gmt":"2023-09-10T06:00:00","slug":"semaine-de-lorientation-preparez-votre-avenir","status":"publish","type":"post","link":"https:\/\/v2.lycee-alfredcostes.fr\/index.php\/2023\/09\/10\/semaine-de-lorientation-preparez-votre-avenir\/","title":{"rendered":"Semaine de l&rsquo;orientation : Pr\u00e9parez votre avenir"},"content":{"rendered":"<p>L&rsquo;orientation est au c\u0153ur des pr\u00e9occupations de nos \u00e9l\u00e8ves de Terminale&#8230;<\/p>\n","protected":false},"excerpt":{"rendered":"<p>Conf\u00e9rences, ateliers et rencontres avec des anciens \u00e9l\u00e8ves pour affiner son projet.<\/p>\n","protected":false},"author":0,"featured_media":0,"comment_status":"open","ping_status":"open","sticky":false,"template":"","format":"standard","meta":{"footnotes":""},"categories":[11],"tags":[],"class_list":["post-49","post","type-post","status-publish","format-standard","hentry","category-etudes"],"_links":{"self":[{"href":"https:\/\/v2.lycee-alfredcostes.fr\/index.php\/wp-json\/wp\/v2\/posts\/49","targetHints":{"allow":["GET"]}}],"collection":[{"href":"https:\/\/v2.lycee-alfredcostes.fr\/index.php\/wp-json\/wp\/v2\/posts"}],"about":[{"href":"https:\/\/v2.lycee-alfredcostes.fr\/index.php\/wp-json\/wp\/v2\/types\/post"}],"replies":[{"embeddable":true,"href":"https:\/\/v2.lycee-alfredcostes.fr\/index.php\/wp-json\/wp\/v2\/comments?post=49"}],"version-history":[{"count":0,"href":"https:\/\/v2.lycee-alfredcostes.fr\/index.php\/wp-json\/wp\/v2\/posts\/49\/revisions"}],"wp:attachment":[{"href":"https:\/\/v2.lycee-alfredcostes.fr\/index.php\/wp-json\/wp\/v2\/media?parent=49"}],"wp:term":[{"taxonomy":"category","embeddable":true,"href":"https:\/\/v2.lycee-alfredcostes.fr\/index.php\/wp-json\/wp\/v2\/categories?post=49"},{"taxonomy":"post_tag","embeddable":true,"href":"https:\/\/v2.lycee-alfredcostes.fr\/index.php\/wp-json\/wp\/v2\/tags?post=49"}],"curies":[{"name":"wp","href":"https:\/\/api.w.org\/{rel}","templated":true}]}}