{"id":47,"date":"2023-09-18T11:00:00","date_gmt":"2023-09-18T09:00:00","guid":{"rendered":"https:\/\/v2.lycee-alfredcostes.fr\/index.php\/2023\/09\/18\/signature-dune-convention-avec-airbus\/"},"modified":"2023-09-18T11:00:00","modified_gmt":"2023-09-18T09:00:00","slug":"signature-dune-convention-avec-airbus","status":"publish","type":"post","link":"https:\/\/v2.lycee-alfredcostes.fr\/index.php\/2023\/09\/18\/signature-dune-convention-avec-airbus\/","title":{"rendered":"Signature d&rsquo;une convention avec Airbus"},"content":{"rendered":"<p>C&rsquo;est une \u00e9tape majeure pour l&rsquo;insertion professionnelle de nos \u00e9tudiants&#8230;<\/p>\n","protected":false},"excerpt":{"rendered":"<p>Nouveau partenariat strat\u00e9gique pour les sections a\u00e9ronautiques et num\u00e9riques du lyc\u00e9e.<\/p>\n","protected":false},"author":0,"featured_media":0,"comment_status":"open","ping_status":"open","sticky":false,"template":"","format":"standard","meta":{"footnotes":""},"categories":[9],"tags":[],"class_list":["post-47","post","type-post","status-publish","format-standard","hentry","category-partenariat"],"_links":{"self":[{"href":"https:\/\/v2.lycee-alfredcostes.fr\/index.php\/wp-json\/wp\/v2\/posts\/47","targetHints":{"allow":["GET"]}}],"collection":[{"href":"https:\/\/v2.lycee-alfredcostes.fr\/index.php\/wp-json\/wp\/v2\/posts"}],"about":[{"href":"https:\/\/v2.lycee-alfredcostes.fr\/index.php\/wp-json\/wp\/v2\/types\/post"}],"replies":[{"embeddable":true,"href":"https:\/\/v2.lycee-alfredcostes.fr\/index.php\/wp-json\/wp\/v2\/comments?post=47"}],"version-history":[{"count":0,"href":"https:\/\/v2.lycee-alfredcostes.fr\/index.php\/wp-json\/wp\/v2\/posts\/47\/revisions"}],"wp:attachment":[{"href":"https:\/\/v2.lycee-alfredcostes.fr\/index.php\/wp-json\/wp\/v2\/media?parent=47"}],"wp:term":[{"taxonomy":"category","embeddable":true,"href":"https:\/\/v2.lycee-alfredcostes.fr\/index.php\/wp-json\/wp\/v2\/categories?post=47"},{"taxonomy":"post_tag","embeddable":true,"href":"https:\/\/v2.lycee-alfredcostes.fr\/index.php\/wp-json\/wp\/v2\/tags?post=47"}],"curies":[{"name":"wp","href":"https:\/\/api.w.org\/{rel}","templated":true}]}}