{"id":46,"date":"2023-09-20T09:00:00","date_gmt":"2023-09-20T07:00:00","guid":{"rendered":"https:\/\/v2.lycee-alfredcostes.fr\/index.php\/2023\/09\/20\/projet-jardin-partage-les-eco-delegues-en-action\/"},"modified":"2023-09-20T09:00:00","modified_gmt":"2023-09-20T07:00:00","slug":"projet-jardin-partage-les-eco-delegues-en-action","status":"publish","type":"post","link":"https:\/\/v2.lycee-alfredcostes.fr\/index.php\/2023\/09\/20\/projet-jardin-partage-les-eco-delegues-en-action\/","title":{"rendered":"Projet Jardin Partag\u00e9 : Les \u00e9co-d\u00e9l\u00e9gu\u00e9s en action"},"content":{"rendered":"<p>Nos \u00e9co-d\u00e9l\u00e9gu\u00e9s n&rsquo;ont pas ch\u00f4m\u00e9 pour lancer la saison&#8230;<\/p>\n","protected":false},"excerpt":{"rendered":"<p>Installation des nouveaux bacs de permaculture et plantation des semis d&rsquo;automne.<\/p>\n","protected":false},"author":0,"featured_media":0,"comment_status":"open","ping_status":"open","sticky":false,"template":"","format":"standard","meta":{"footnotes":""},"categories":[8],"tags":[],"class_list":["post-46","post","type-post","status-publish","format-standard","hentry","category-ecologie"],"_links":{"self":[{"href":"https:\/\/v2.lycee-alfredcostes.fr\/index.php\/wp-json\/wp\/v2\/posts\/46","targetHints":{"allow":["GET"]}}],"collection":[{"href":"https:\/\/v2.lycee-alfredcostes.fr\/index.php\/wp-json\/wp\/v2\/posts"}],"about":[{"href":"https:\/\/v2.lycee-alfredcostes.fr\/index.php\/wp-json\/wp\/v2\/types\/post"}],"replies":[{"embeddable":true,"href":"https:\/\/v2.lycee-alfredcostes.fr\/index.php\/wp-json\/wp\/v2\/comments?post=46"}],"version-history":[{"count":0,"href":"https:\/\/v2.lycee-alfredcostes.fr\/index.php\/wp-json\/wp\/v2\/posts\/46\/revisions"}],"wp:attachment":[{"href":"https:\/\/v2.lycee-alfredcostes.fr\/index.php\/wp-json\/wp\/v2\/media?parent=46"}],"wp:term":[{"taxonomy":"category","embeddable":true,"href":"https:\/\/v2.lycee-alfredcostes.fr\/index.php\/wp-json\/wp\/v2\/categories?post=46"},{"taxonomy":"post_tag","embeddable":true,"href":"https:\/\/v2.lycee-alfredcostes.fr\/index.php\/wp-json\/wp\/v2\/tags?post=46"}],"curies":[{"name":"wp","href":"https:\/\/api.w.org\/{rel}","templated":true}]}}