{"id":44,"date":"2023-10-05T14:00:00","date_gmt":"2023-10-05T12:00:00","guid":{"rendered":"https:\/\/v2.lycee-alfredcostes.fr\/index.php\/2023\/10\/05\/sortie-au-musee-dorsay-limpressionnisme-a-lhonneur\/"},"modified":"2023-10-05T14:00:00","modified_gmt":"2023-10-05T12:00:00","slug":"sortie-au-musee-dorsay-limpressionnisme-a-lhonneur","status":"publish","type":"post","link":"https:\/\/v2.lycee-alfredcostes.fr\/index.php\/2023\/10\/05\/sortie-au-musee-dorsay-limpressionnisme-a-lhonneur\/","title":{"rendered":"Sortie au Mus\u00e9e d&rsquo;Orsay : L&rsquo;impressionnisme \u00e0 l&rsquo;honneur"},"content":{"rendered":"<p>Nos \u00e9l\u00e8ves ont eu la chance de visiter le Mus\u00e9e d&rsquo;Orsay&#8230;<\/p>\n","protected":false},"excerpt":{"rendered":"<p>Une plong\u00e9e fascinante dans l&rsquo;univers des impressionnistes pour nos \u00e9l\u00e8ves de Premi\u00e8re.<\/p>\n","protected":false},"author":0,"featured_media":0,"comment_status":"open","ping_status":"open","sticky":false,"template":"","format":"standard","meta":{"footnotes":""},"categories":[6],"tags":[],"class_list":["post-44","post","type-post","status-publish","format-standard","hentry","category-culture"],"_links":{"self":[{"href":"https:\/\/v2.lycee-alfredcostes.fr\/index.php\/wp-json\/wp\/v2\/posts\/44","targetHints":{"allow":["GET"]}}],"collection":[{"href":"https:\/\/v2.lycee-alfredcostes.fr\/index.php\/wp-json\/wp\/v2\/posts"}],"about":[{"href":"https:\/\/v2.lycee-alfredcostes.fr\/index.php\/wp-json\/wp\/v2\/types\/post"}],"replies":[{"embeddable":true,"href":"https:\/\/v2.lycee-alfredcostes.fr\/index.php\/wp-json\/wp\/v2\/comments?post=44"}],"version-history":[{"count":0,"href":"https:\/\/v2.lycee-alfredcostes.fr\/index.php\/wp-json\/wp\/v2\/posts\/44\/revisions"}],"wp:attachment":[{"href":"https:\/\/v2.lycee-alfredcostes.fr\/index.php\/wp-json\/wp\/v2\/media?parent=44"}],"wp:term":[{"taxonomy":"category","embeddable":true,"href":"https:\/\/v2.lycee-alfredcostes.fr\/index.php\/wp-json\/wp\/v2\/categories?post=44"},{"taxonomy":"post_tag","embeddable":true,"href":"https:\/\/v2.lycee-alfredcostes.fr\/index.php\/wp-json\/wp\/v2\/tags?post=44"}],"curies":[{"name":"wp","href":"https:\/\/api.w.org\/{rel}","templated":true}]}}