{"id":43,"date":"2026-01-20T09:00:00","date_gmt":"2023-10-12T08:00:00","guid":{"rendered":"https:\/\/v2.lycee-alfredcostes.fr\/index.php\/2023\/10\/12\/inauguration-du-nouveau-fablab-un-pas-vers-le-futur\/"},"modified":"2026-02-18T10:51:28","modified_gmt":"2026-02-18T09:51:28","slug":"terminale-et-orientation-post-bac-2026","status":"publish","type":"post","link":"https:\/\/v2.lycee-alfredcostes.fr\/index.php\/2026\/01\/20\/terminale-et-orientation-post-bac-2026\/","title":{"rendered":"Terminale et orientation post bac 2026"},"content":{"rendered":"<p class=\"lead text-xl font-medium mb-8 text-slate-700 dark:text-slate-300\">L&rsquo;ann\u00e9e de Terminale est une \u00e9tape d\u00e9cisive pour l&rsquo;orientation. Pour vous accompagner, voici les informations essentielles concernant la proc\u00e9dure Parcoursup 2026.<\/p>\n    <style>\n        \/* Aggressive styling to hide ghost blocks from wpautop\/theme filters *\/\n        .orientation-grid p:empty {\n            display: none !important;\n        }\n\n        .orientation-grid a {\n            text-decoration: none !important;\n            color: inherit;\n        }\n\n        .orientation-grid h2,\n        .orientation-grid h3,\n        .orientation-grid h4,\n        .orientation-grid p {\n            margin-top: 0 !important;\n            margin-bottom: 0 !important;\n        }\n\n        .orientation-grid .mb-1 {\n            margin-bottom: 0.25rem !important;\n        }\n\n        .orientation-grid .mb-4 {\n            margin-bottom: 1rem !important;\n        }\n\n        \/* HIDE ANYTHING in the right column that is not a proper card *\/\n        .orientation-resources>*:not(.group) {\n            display: none !important;\n        }\n\n        .orientation-resources br {\n            display: none !important;\n        }\n    <\/style><!-- Parcoursup Official Link Banner --><a href=\"https:\/\/www.parcoursup.gouv.fr\/\" target=\"_blank\"\n        class=\"block mb-6 group no-underline text-inherit\">\n        <div\n            class=\"bg-gradient-to-r from-blue-600 to-indigo-700 rounded-3xl p-5 shadow-lg transform transition-all duration-300 hover:scale-[1.01] hover:shadow-2xl flex flex-col md:flex-row items-center justify-between gap-4\">\n            <div class=\"flex items-center gap-4\">\n                <div class=\"bg-white p-3 rounded-2xl shadow-sm shrink-0\"><img decoding=\"async\"\n                        src=\"https:\/\/www.parcoursup.gouv.fr\/favicon.ico\" alt=\"Logo Parcoursup\" class=\"w-8 h-8\"><\/div>\n                <div>\n                    <h2 class=\"text-xl font-bold text-white mb-1 m-0\">Parcoursup.gouv.fr<\/h2>\n                    <p class=\"text-blue-100 text-base m-0\">Acc\u00e9dez \u00e0 la plateforme officielle d'admission<\/p>\n                <\/div>\n            <\/div>\n            <div\n                class=\"flex items-center gap-2 bg-white\/20 px-4 py-2 rounded-xl border border-white\/30 text-white font-bold group-hover:bg-white group-hover:text-blue-700 transition-colors\">\n                <span>Se connecter<\/span><span class=\"material-symbols-outlined\">open_in_new<\/span>\n            <\/div>\n        <\/div>\n    <\/a><!-- Flex Row Layout -->\n    <div class=\"orientation-grid flex flex-row gap-4 mb-8 items-stretch\"><!-- Calendar Section (Left) -->\n        <div\n            class=\"w-1\/2 bg-indigo-50 dark:bg-slate-800 p-4 rounded-3xl border border-indigo-100 dark:border-indigo-900 border-l-8 border-l-indigo-500 flex flex-col justify-between\">\n            <h2 class=\"text-lg font-bold mb-4 text-indigo-900 dark:text-indigo-300 flex items-center gap-2 m-0\"><span\n                    class=\"material-symbols-outlined\">event<\/span>Calendrier 2026<\/h2>\n            <div class=\"space-y-4 relative border-l-2 border-indigo-200 dark:border-slate-700 ml-2 pl-4 py-1\">\n                <div class=\"relative\"><span\n                        class=\"absolute -left-[25px] top-1 w-4 h-4 rounded-full bg-indigo-500 border-2 border-white dark:border-slate-800\"><\/span>\n                    <h4 class=\"font-bold text-sm text-slate-900 dark:text-white m-0\">Janvier<\/h4>\n                    <p class=\"text-xs text-slate-600 dark:text-slate-400 m-0\">Ouverture de la phase d'information<\/p>\n                <\/div>\n                <div class=\"relative\"><span\n                        class=\"absolute -left-[25px] top-1 w-4 h-4 rounded-full bg-indigo-500 border-2 border-white dark:border-slate-800\"><\/span>\n                    <h4 class=\"font-bold text-sm text-slate-900 dark:text-white m-0\">15 Janv - 13 Mars<\/h4>\n                    <p class=\"text-xs text-slate-600 dark:text-slate-400 m-0\">Inscription & Formulation des v\u0153ux<\/p>\n                <\/div>\n                <div class=\"relative\"><span\n                        class=\"absolute -left-[25px] top-1 w-4 h-4 rounded-full bg-indigo-500 border-2 border-white dark:border-slate-800\"><\/span>\n                    <h4 class=\"font-bold text-sm text-slate-900 dark:text-white m-0\">3 Avril<\/h4>\n                    <p class=\"text-xs text-slate-600 dark:text-slate-400 m-0\">Confirmation des v\u0153ux<\/p>\n                <\/div>\n                <div class=\"relative\"><span\n                        class=\"absolute -left-[25px] top-1 w-4 h-4 rounded-full bg-indigo-500 border-2 border-white dark:border-slate-800\"><\/span>\n                    <h4 class=\"font-bold text-sm text-slate-900 dark:text-white m-0\">Juin<\/h4>\n                    <p class=\"text-xs text-slate-600 dark:text-slate-400 m-0\">Phase d'admission principale<\/p>\n                <\/div>\n            <\/div>\n        <\/div><!-- Resources Section (Right) -->\n        <div class=\"w-1\/2 flex flex-col gap-4 orientation-resources\"><!-- PDF Card --><a\n                href=\"https:\/\/alfredcostesfr.wordpress.com\/wp-content\/uploads\/2025\/12\/calendrier-parcoursup-2026-805.pdf\"\n                target=\"_blank\"\n                class=\"block group bg-slate-50 dark:bg-slate-800 p-4 rounded-3xl border border-slate-200 dark:border-slate-700 hover:border-red-500 hover:shadow-lg transition-all flex-1 flex flex-col justify-center no-underline\">\n                <div class=\"flex items-center gap-3\">\n                    <div\n                        class=\"w-10 h-10 bg-red-100 dark:bg-red-900\/30 rounded-xl flex items-center justify-center shrink-0 group-hover:bg-red-500 transition-colors\">\n                        <span\n                            class=\"material-symbols-outlined text-red-500 text-xl group-hover:text-white transition-colors\">picture_as_pdf<\/span>\n                    <\/div>\n                    <div>\n                        <h3\n                            class=\"font-bold text-base text-slate-900 dark:text-white group-hover:text-red-600 transition-colors mb-0.5 m-0\">\n                            Calendrier 2026<\/h3>\n                        <div class=\"flex items-center gap-2\"><span\n                                class=\"bg-red-100 text-red-700 text-[10px] font-bold px-1.5 py-0.5 rounded\">PDF<\/span>\n                            <p class=\"text-[10px] text-slate-500 dark:text-slate-400 m-0\">Document officiel<\/p>\n                        <\/div>\n                    <\/div>\n                <\/div>\n            <\/a><!-- Guide Card --><a\n                href=\"https:\/\/www.education.gouv.fr\/reussir-au-lycee\/parcoursup-2026-preparer-et-reussir-son-entree-dans-l-enseignement-superieur-343939\"\n                target=\"_blank\"\n                class=\"block group bg-slate-50 dark:bg-slate-800 p-4 rounded-3xl border border-slate-200 dark:border-slate-700 hover:border-blue-600 hover:shadow-lg transition-all flex-1 flex flex-col justify-center no-underline\">\n                <div class=\"flex items-center gap-3\">\n                    <div\n                        class=\"w-10 h-10 bg-blue-100 dark:bg-blue-900\/30 rounded-xl flex items-center justify-center shrink-0 group-hover:bg-blue-600 transition-colors\">\n                        <span\n                            class=\"material-symbols-outlined text-blue-600 text-xl group-hover:text-white transition-colors\">menu_book<\/span>\n                    <\/div>\n                    <div>\n                        <h3\n                            class=\"font-bold text-base text-slate-900 dark:text-white group-hover:text-blue-600 transition-colors mb-0.5 m-0\">\n                            Guide Minist\u00e8re<\/h3>\n                        <div class=\"flex items-center gap-2\"><span\n                                class=\"bg-blue-100 text-blue-700 text-[10px] font-bold px-1.5 py-0.5 rounded\">WEB<\/span>\n                            <p class=\"text-[10px] text-slate-500 dark:text-slate-400 m-0\">education.gouv.fr<\/p>\n                        <\/div>\n                    <\/div>\n                <\/div>\n            <\/a><\/div>\n    <\/div>\n    \n","protected":false},"excerpt":{"rendered":"<p>Tout savoir sur le calendrier Parcoursup 2026. Dates cl\u00e9s et guide officiel pour r\u00e9ussir son entr\u00e9e dans l&rsquo;enseignement sup\u00e9rieur.<\/p>\n","protected":false},"author":0,"featured_media":0,"comment_status":"open","ping_status":"open","sticky":false,"template":"","format":"standard","meta":{"footnotes":""},"categories":[11,12],"tags":[],"class_list":["post-43","post","type-post","status-publish","format-standard","hentry","category-etudes","category-orientation"],"_links":{"self":[{"href":"https:\/\/v2.lycee-alfredcostes.fr\/index.php\/wp-json\/wp\/v2\/posts\/43","targetHints":{"allow":["GET"]}}],"collection":[{"href":"https:\/\/v2.lycee-alfredcostes.fr\/index.php\/wp-json\/wp\/v2\/posts"}],"about":[{"href":"https:\/\/v2.lycee-alfredcostes.fr\/index.php\/wp-json\/wp\/v2\/types\/post"}],"replies":[{"embeddable":true,"href":"https:\/\/v2.lycee-alfredcostes.fr\/index.php\/wp-json\/wp\/v2\/comments?post=43"}],"version-history":[{"count":9,"href":"https:\/\/v2.lycee-alfredcostes.fr\/index.php\/wp-json\/wp\/v2\/posts\/43\/revisions"}],"predecessor-version":[{"id":61,"href":"https:\/\/v2.lycee-alfredcostes.fr\/index.php\/wp-json\/wp\/v2\/posts\/43\/revisions\/61"}],"wp:attachment":[{"href":"https:\/\/v2.lycee-alfredcostes.fr\/index.php\/wp-json\/wp\/v2\/media?parent=43"}],"wp:term":[{"taxonomy":"category","embeddable":true,"href":"https:\/\/v2.lycee-alfredcostes.fr\/index.php\/wp-json\/wp\/v2\/categories?post=43"},{"taxonomy":"post_tag","embeddable":true,"href":"https:\/\/v2.lycee-alfredcostes.fr\/index.php\/wp-json\/wp\/v2\/tags?post=43"}],"curies":[{"name":"wp","href":"https:\/\/api.w.org\/{rel}","templated":true}]}}