{"id":1,"date":"2026-01-25T09:00:00","date_gmt":"2026-01-25T17:32:45","guid":{"rendered":"https:\/\/v2.lycee-alfredcostes.fr\/?p=1"},"modified":"2026-02-18T10:13:22","modified_gmt":"2026-02-18T09:13:22","slug":"journee-portes-ouvertes-2026","status":"publish","type":"post","link":"https:\/\/v2.lycee-alfredcostes.fr\/index.php\/2026\/01\/25\/journee-portes-ouvertes-2026\/","title":{"rendered":"Journ\u00e9e Portes Ouvertes 2026"},"content":{"rendered":"<p class=\"lead text-xl font-medium mb-8 text-slate-700 dark:text-slate-300\">\n    Le Lyc\u00e9e Alfred Costes est heureux de vous accueillir pour sa Journ\u00e9e Portes Ouvertes. Un moment privil\u00e9gi\u00e9 pour d\u00e9couvrir nos formations, \u00e9changer avec nos \u00e9quipes p\u00e9dagogiques et visiter nos installations.\n<\/p>\n<div class=\"grid grid-cols-1 md:grid-cols-2 gap-12 my-12 items-center\">\n<div>\n<h2 class=\"text-3xl font-bold mb-6 text-slate-900 dark:text-white\">Informations Pratiques<\/h2>\n<ul class=\"space-y-4 text-lg text-slate-600 dark:text-slate-400\">\n<li class=\"flex items-center gap-3\">\n                <span class=\"material-symbols-outlined text-primary\">calendar_today<\/span><br \/>\n                <strong>Vendredi 30 Janvier 2026<\/strong>\n            <\/li>\n<li class=\"flex items-center gap-3\">\n                <span class=\"material-symbols-outlined text-primary\">school<\/span><br \/>\n                <span>9h &#8211; 16h : Accueil des \u00e9tablissements scolaires<\/span>\n            <\/li>\n<li class=\"flex items-center gap-3\">\n                <span class=\"material-symbols-outlined text-primary\">schedule<\/span><br \/>\n                <span>17h &#8211; 19h : Accueil tout public<\/span>\n            <\/li>\n<li class=\"flex items-center gap-3\">\n                <span class=\"material-symbols-outlined text-primary\">location_on<\/span><br \/>\n                <span>Lyc\u00e9e Alfred Costes, Bobigny<\/span>\n            <\/li>\n<\/ul>\n<h2 class=\"text-2xl font-bold mt-10 mb-4 text-slate-900 dark:text-white\">Formations \u00e0 d\u00e9couvrir<\/h2>\n<ul class=\"list-disc list-inside space-y-2 text-slate-600 dark:text-slate-400\">\n<li><strong>Industries Graphiques<\/strong> : Production imprim\u00e9e, Fa\u00e7onnage<\/li>\n<li><strong>Syst\u00e8mes Num\u00e9riques<\/strong> : Cybers\u00e9curit\u00e9, Informatique &amp; R\u00e9seaux<\/li>\n<li><strong>Communication Visuelle<\/strong> : Design graphique &amp; Plurim\u00e9dia<\/li>\n<li><strong>Maintenance Industrielle<\/strong> : Syst\u00e8mes de production connect\u00e9s<\/li>\n<li><strong>Sc\u00e9nographie<\/strong> : FCIL Sc\u00e9nographie de la communication<\/li>\n<\/ul><\/div>\n<div class=\"bg-slate-50 dark:bg-slate-800 p-8 rounded-3xl border border-slate-100 dark:border-slate-700 shadow-lg\">\n<h3 class=\"text-xl font-bold mb-6 text-center text-slate-900 dark:text-white\">Affiche Officielle<\/h3>\n<p>        <img decoding=\"async\" src=\"https:\/\/alfredcostesfr.wordpress.com\/wp-content\/uploads\/2025\/02\/jpo-pour-site-lycee.jpg?w=559\" alt=\"Affiche JPO 2026\" class=\"w-full rounded-xl shadow-md transform hover:scale-105 transition-transform duration-500\"><\/p>\n<p class=\"text-center text-xs text-slate-400 mt-4\">L&rsquo;affiche de l&rsquo;\u00e9dition 2026<\/p>\n<\/p><\/div>\n<\/div>\n<h2 class=\"text-3xl font-bold mt-12 mb-8 text-slate-900 dark:text-white\">Retour sur les \u00e9ditions pr\u00e9c\u00e9dentes<\/h2>\n<p class=\"mb-6\">\n    Chaque ann\u00e9e, la JPO est l&rsquo;occasion de mettre en valeur les r\u00e9alisations de nos \u00e9l\u00e8ves, de l&rsquo;affiche de l&rsquo;\u00e9v\u00e9nement aux d\u00e9monstrations techniques dans les ateliers.\n<\/p>\n<div class=\"grid grid-cols-2 md:grid-cols-3 gap-4 my-8\">\n<div class=\"rounded-xl overflow-hidden shadow-sm\">\n         <img decoding=\"async\" src=\"https:\/\/alfredcostesfr.wordpress.com\/wp-content\/uploads\/2024\/01\/affiche-jpo-costes-2024-1.jpg?w=724\" class=\"w-full h-full object-cover hover:opacity-90 transition-opacity\">\n    <\/div>\n<div class=\"rounded-xl overflow-hidden shadow-sm\">\n         <img decoding=\"async\" src=\"https:\/\/alfredcostesfr.wordpress.com\/wp-content\/uploads\/2023\/11\/a2_jpo-2022-23-ok.png?w=586\" class=\"w-full h-full object-cover hover:opacity-90 transition-opacity\">\n    <\/div>\n<\/div>\n","protected":false},"excerpt":{"rendered":"<p>Venez d\u00e9couvrir nos formations et nos plateaux techniques lors de notre Journ\u00e9e Portes Ouvertes le vendredi 30 janvier 2026.<\/p>\n","protected":false},"author":1,"featured_media":0,"comment_status":"open","ping_status":"open","sticky":false,"template":"","format":"standard","meta":{"footnotes":""},"categories":[13,1,12],"tags":[],"class_list":["post-1","post","type-post","status-publish","format-standard","hentry","category-evenement","category-non-classe","category-orientation"],"_links":{"self":[{"href":"https:\/\/v2.lycee-alfredcostes.fr\/index.php\/wp-json\/wp\/v2\/posts\/1","targetHints":{"allow":["GET"]}}],"collection":[{"href":"https:\/\/v2.lycee-alfredcostes.fr\/index.php\/wp-json\/wp\/v2\/posts"}],"about":[{"href":"https:\/\/v2.lycee-alfredcostes.fr\/index.php\/wp-json\/wp\/v2\/types\/post"}],"author":[{"embeddable":true,"href":"https:\/\/v2.lycee-alfredcostes.fr\/index.php\/wp-json\/wp\/v2\/users\/1"}],"replies":[{"embeddable":true,"href":"https:\/\/v2.lycee-alfredcostes.fr\/index.php\/wp-json\/wp\/v2\/comments?post=1"}],"version-history":[{"count":1,"href":"https:\/\/v2.lycee-alfredcostes.fr\/index.php\/wp-json\/wp\/v2\/posts\/1\/revisions"}],"predecessor-version":[{"id":52,"href":"https:\/\/v2.lycee-alfredcostes.fr\/index.php\/wp-json\/wp\/v2\/posts\/1\/revisions\/52"}],"wp:attachment":[{"href":"https:\/\/v2.lycee-alfredcostes.fr\/index.php\/wp-json\/wp\/v2\/media?parent=1"}],"wp:term":[{"taxonomy":"category","embeddable":true,"href":"https:\/\/v2.lycee-alfredcostes.fr\/index.php\/wp-json\/wp\/v2\/categories?post=1"},{"taxonomy":"post_tag","embeddable":true,"href":"https:\/\/v2.lycee-alfredcostes.fr\/index.php\/wp-json\/wp\/v2\/tags?post=1"}],"curies":[{"name":"wp","href":"https:\/\/api.w.org\/{rel}","templated":true}]}}